{"id":4710,"date":"2023-11-28T13:29:37","date_gmt":"2023-11-28T12:29:37","guid":{"rendered":"https:\/\/primeaero.at\/?p=4710"},"modified":"2023-11-28T13:30:48","modified_gmt":"2023-11-28T12:30:48","slug":"prime-bei-den-international-mobility-days","status":"publish","type":"post","link":"https:\/\/primeaero.at\/de\/prime-bei-den-international-mobility-days\/","title":{"rendered":"PRIME bei den International Mobility Days"},"content":{"rendered":"\n<div class=\"wp-block-group is-content-justification-space-between is-nowrap is-layout-flex wp-container-core-group-is-layout-b0ffac9c wp-block-group-is-layout-flex\">\n<p class=\"has-small-font-size wp-block-paragraph\">Mobilit\u00e4t<\/p>\n\n\n\n<p class=\"has-small-font-size wp-block-paragraph\">Wien, \u00d6sterreich<\/p>\n<\/div>\n\n\n\n<hr class=\"wp-block-coblocks-dynamic-separator is-style-fullwidth\" style=\"height:20px\"\/>\n\n\n\n<figure class=\"wp-block-image size-large\"><img data-recalc-dims=\"1\" loading=\"lazy\" decoding=\"async\" width=\"720\" height=\"540\" src=\"https:\/\/i0.wp.com\/primeaero.at\/wp-content\/uploads\/2023\/11\/Edited-edited.png?resize=720%2C540&#038;ssl=1\" alt=\"International Mobility Days\" class=\"wp-image-4703\" srcset=\"https:\/\/i0.wp.com\/primeaero.at\/wp-content\/uploads\/2023\/11\/Edited-edited.png?w=1512&amp;ssl=1 1512w, https:\/\/i0.wp.com\/primeaero.at\/wp-content\/uploads\/2023\/11\/Edited-edited.png?resize=300%2C225&amp;ssl=1 300w, https:\/\/i0.wp.com\/primeaero.at\/wp-content\/uploads\/2023\/11\/Edited-edited.png?resize=1024%2C768&amp;ssl=1 1024w, https:\/\/i0.wp.com\/primeaero.at\/wp-content\/uploads\/2023\/11\/Edited-edited.png?resize=768%2C576&amp;ssl=1 768w, https:\/\/i0.wp.com\/primeaero.at\/wp-content\/uploads\/2023\/11\/Edited-edited.png?resize=1200%2C900&amp;ssl=1 1200w, https:\/\/i0.wp.com\/primeaero.at\/wp-content\/uploads\/2023\/11\/Edited-edited.png?resize=800%2C600&amp;ssl=1 800w, https:\/\/i0.wp.com\/primeaero.at\/wp-content\/uploads\/2023\/11\/Edited-edited.png?resize=600%2C450&amp;ssl=1 600w, https:\/\/i0.wp.com\/primeaero.at\/wp-content\/uploads\/2023\/11\/Edited-edited.png?resize=400%2C300&amp;ssl=1 400w, https:\/\/i0.wp.com\/primeaero.at\/wp-content\/uploads\/2023\/11\/Edited-edited.png?resize=200%2C150&amp;ssl=1 200w, https:\/\/i0.wp.com\/primeaero.at\/wp-content\/uploads\/2023\/11\/Edited-edited.png?resize=80%2C60&amp;ssl=1 80w, https:\/\/i0.wp.com\/primeaero.at\/wp-content\/uploads\/2023\/11\/Edited-edited.png?w=1440&amp;ssl=1 1440w\" sizes=\"auto, (max-width: 720px) 100vw, 720px\" \/><\/figure>\n\n\n\n<h4 class=\"wp-block-heading\">International Mobility Days &#8211; Die Zukunft der Mobilit\u00e4t<\/h4>\n\n\n\n<p class=\"wp-block-paragraph\">Unser Team hat k\u00fcrzlich bei den <a href=\"https:\/\/www.mobility-days.at\/\">International Mobility Days<\/a> in Wien das st\u00e4ndig ver\u00e4ndernde Terrain der Mobilit\u00e4tsinnovation erkundet. Die zweit\u00e4gige Konferenz brachte \u00fcber 1000 Experten aus Ministerien, Verkehrsbeh\u00f6rden, Mobilit\u00e4tsanbietern, Unternehmen, St\u00e4dten und Regionen aus mehr als 60 L\u00e4ndern zusammen. Das Programm beinhaltete spannende Vortr\u00e4ge, informative Erfahrungsberichte von Unternehmen sowie Projektpr\u00e4sentationen, welche einen umfassenden Einblick in die neuesten Trends und Fortschritte in verschiedenen Mobilit\u00e4tsbereichen boten. Besonders interessant waren die Diskussionen \u00fcber das Management von Ladestationen, Konzepte f\u00fcr die &#8222;letzte Meile&#8220; und die Optimierung des \u00f6ffentlichen Nahverkehrs, da alle drei Aspekte f\u00fcr die weitere Entwicklung des Verkehrs entscheidend sind.<\/p>\n\n\n\n<p class=\"wp-block-paragraph\"><strong>Praktische Erkundung: Smart Home- und E-Mobility-Touren<\/strong><\/p>\n\n\n\n<p class=\"wp-block-paragraph\">Die Veranstaltung bot au\u00dferdem die M\u00f6glichkeit, an Smart-Home- und E-Mobility-Touren teilzunehmen. Dabei konnte man hautnah miterleben, wie Technologien, welche die Zukunft der Mobilit\u00e4t pr\u00e4gen, integriert und vernetzt werden. <\/p>\n\n\n\n<p class=\"wp-block-paragraph\">Solche Veranstaltungen erlauben es, verschiedene Perspektiven kennenzulernen und als Plattform f\u00fcr Kooperationen und Partnerschaften zu dienen, welche einen wichtigen Beitrag zum Fortschritt in einer Vielzahl von Branchen leisten k\u00f6nnen.<\/p>\n\n\n\n<hr class=\"wp-block-coblocks-dynamic-separator is-style-fullwidth\" style=\"height:20px\"\/>\n","protected":false},"excerpt":{"rendered":"<p>Unser Team hat k\u00fcrzlich bei den International Mobility Days in Wien das st\u00e4ndig &#8230; <a href=\"https:\/\/primeaero.at\/de\/prime-bei-den-international-mobility-days\/\" class=\"more-link\"><span class=\"screen-reader-text\">PRIME bei den International Mobility Days<\/span> weiterlesen<\/a><\/p>\n","protected":false},"author":185605373,"featured_media":4702,"comment_status":"closed","ping_status":"open","sticky":false,"template":"","format":"image","meta":{"_coblocks_attr":"","_coblocks_dimensions":"","_coblocks_responsive_height":"","_coblocks_accordion_ie_support":"","_crdt_document":"","_jetpack_newsletter_access":"","_jetpack_dont_email_post_to_subs":false,"_jetpack_newsletter_tier_id":0,"_jetpack_memberships_contains_paywalled_content":false,"_jetpack_memberships_contains_paid_content":false,"footnotes":"","jetpack_publicize_message":"","jetpack_publicize_feature_enabled":true,"jetpack_social_post_already_shared":true,"jetpack_social_options":{"image_generator_settings":{"template":"highway","default_image_id":0,"font":"","enabled":false},"version":2},"_wpas_customize_per_network":false,"jetpack_post_was_ever_published":false},"categories":[2930,2795],"tags":[],"class_list":{"0":"post-4710","1":"post","2":"type-post","3":"status-publish","4":"format-image","5":"has-post-thumbnail","6":"hentry","7":"category-nicht-kategorisiert-en-de","8":"category-unkategorisiert","9":"post_format-post-format-image","11":"fallback-thumbnail"},"yoast_head":"<!-- This site is optimized with the Yoast SEO plugin v27.5 - https:\/\/yoast.com\/product\/yoast-seo-wordpress\/ -->\n<title>PRIME bei den International Mobility Days - TECHNIA (PRIME aerostructures)<\/title>\n<meta name=\"robots\" content=\"index, follow, max-snippet:-1, max-image-preview:large, max-video-preview:-1\" \/>\n<link rel=\"canonical\" href=\"https:\/\/primeaero.at\/prime-at-the-international-mobility-days\/\" \/>\n<meta property=\"og:locale\" content=\"de_DE\" \/>\n<meta property=\"og:type\" content=\"article\" \/>\n<meta property=\"og:title\" content=\"PRIME bei den International Mobility Days - TECHNIA (PRIME aerostructures)\" \/>\n<meta property=\"og:description\" content=\"Unser Team hat k\u00fcrzlich bei den International Mobility Days in Wien das st\u00e4ndig ...\" \/>\n<meta property=\"og:url\" content=\"https:\/\/primeaero.at\/prime-at-the-international-mobility-days\/\" \/>\n<meta property=\"og:site_name\" content=\"TECHNIA (PRIME aerostructures)\" \/>\n<meta property=\"article:published_time\" content=\"2023-11-28T12:29:37+00:00\" \/>\n<meta property=\"article:modified_time\" content=\"2023-11-28T12:30:48+00:00\" \/>\n<meta property=\"og:image\" content=\"https:\/\/primeaero.at\/wp-content\/uploads\/2023\/11\/Edited-768x1024.png\" \/>\n\t<meta property=\"og:image:width\" content=\"768\" \/>\n\t<meta property=\"og:image:height\" content=\"1024\" \/>\n\t<meta property=\"og:image:type\" content=\"image\/png\" \/>\n<meta name=\"author\" content=\"primeaero\" \/>\n<meta name=\"twitter:card\" content=\"summary_large_image\" \/>\n<meta name=\"twitter:label1\" content=\"Verfasst von\" \/>\n\t<meta name=\"twitter:data1\" content=\"primeaero\" \/>\n\t<meta name=\"twitter:label2\" content=\"Gesch\u00e4tzte Lesezeit\" \/>\n\t<meta name=\"twitter:data2\" content=\"1\u00a0Minute\" \/>\n<script type=\"application\/ld+json\" class=\"yoast-schema-graph\">{\"@context\":\"https:\\\/\\\/schema.org\",\"@graph\":[{\"@type\":\"Article\",\"@id\":\"https:\\\/\\\/primeaero.at\\\/prime-at-the-international-mobility-days\\\/#article\",\"isPartOf\":{\"@id\":\"https:\\\/\\\/primeaero.at\\\/prime-at-the-international-mobility-days\\\/\"},\"author\":{\"name\":\"primeaero\",\"@id\":\"https:\\\/\\\/primeaero.at\\\/#\\\/schema\\\/person\\\/5133704b91820a1ef0008bb22d4722fc\"},\"headline\":\"PRIME bei den International Mobility Days\",\"datePublished\":\"2023-11-28T12:29:37+00:00\",\"dateModified\":\"2023-11-28T12:30:48+00:00\",\"mainEntityOfPage\":{\"@id\":\"https:\\\/\\\/primeaero.at\\\/prime-at-the-international-mobility-days\\\/\"},\"wordCount\":197,\"publisher\":{\"@id\":\"https:\\\/\\\/primeaero.at\\\/#organization\"},\"image\":{\"@id\":\"https:\\\/\\\/primeaero.at\\\/prime-at-the-international-mobility-days\\\/#primaryimage\"},\"thumbnailUrl\":\"https:\\\/\\\/i0.wp.com\\\/primeaero.at\\\/wp-content\\\/uploads\\\/2023\\\/11\\\/Edited.png?fit=1512%2C2016&ssl=1\",\"articleSection\":[\"Nicht kategorisiert\",\"Unkategorisiert\"],\"inLanguage\":\"de\"},{\"@type\":\"WebPage\",\"@id\":\"https:\\\/\\\/primeaero.at\\\/prime-at-the-international-mobility-days\\\/\",\"url\":\"https:\\\/\\\/primeaero.at\\\/prime-at-the-international-mobility-days\\\/\",\"name\":\"PRIME bei den International Mobility Days - TECHNIA (PRIME aerostructures)\",\"isPartOf\":{\"@id\":\"https:\\\/\\\/primeaero.at\\\/#website\"},\"primaryImageOfPage\":{\"@id\":\"https:\\\/\\\/primeaero.at\\\/prime-at-the-international-mobility-days\\\/#primaryimage\"},\"image\":{\"@id\":\"https:\\\/\\\/primeaero.at\\\/prime-at-the-international-mobility-days\\\/#primaryimage\"},\"thumbnailUrl\":\"https:\\\/\\\/i0.wp.com\\\/primeaero.at\\\/wp-content\\\/uploads\\\/2023\\\/11\\\/Edited.png?fit=1512%2C2016&ssl=1\",\"datePublished\":\"2023-11-28T12:29:37+00:00\",\"dateModified\":\"2023-11-28T12:30:48+00:00\",\"breadcrumb\":{\"@id\":\"https:\\\/\\\/primeaero.at\\\/prime-at-the-international-mobility-days\\\/#breadcrumb\"},\"inLanguage\":\"de\",\"potentialAction\":[{\"@type\":\"ReadAction\",\"target\":[\"https:\\\/\\\/primeaero.at\\\/prime-at-the-international-mobility-days\\\/\"]}]},{\"@type\":\"ImageObject\",\"inLanguage\":\"de\",\"@id\":\"https:\\\/\\\/primeaero.at\\\/prime-at-the-international-mobility-days\\\/#primaryimage\",\"url\":\"https:\\\/\\\/i0.wp.com\\\/primeaero.at\\\/wp-content\\\/uploads\\\/2023\\\/11\\\/Edited.png?fit=1512%2C2016&ssl=1\",\"contentUrl\":\"https:\\\/\\\/i0.wp.com\\\/primeaero.at\\\/wp-content\\\/uploads\\\/2023\\\/11\\\/Edited.png?fit=1512%2C2016&ssl=1\",\"width\":1512,\"height\":2016,\"caption\":\"International Mobility Days\"},{\"@type\":\"BreadcrumbList\",\"@id\":\"https:\\\/\\\/primeaero.at\\\/prime-at-the-international-mobility-days\\\/#breadcrumb\",\"itemListElement\":[{\"@type\":\"ListItem\",\"position\":1,\"name\":\"Home\",\"item\":\"https:\\\/\\\/primeaero.at\\\/\"},{\"@type\":\"ListItem\",\"position\":2,\"name\":\"PRIME bei den International Mobility Days\"}]},{\"@type\":\"WebSite\",\"@id\":\"https:\\\/\\\/primeaero.at\\\/#website\",\"url\":\"https:\\\/\\\/primeaero.at\\\/\",\"name\":\"TECHNIA (PRIME aerostructures)\",\"description\":\"Engineering Ideas\",\"publisher\":{\"@id\":\"https:\\\/\\\/primeaero.at\\\/#organization\"},\"potentialAction\":[{\"@type\":\"SearchAction\",\"target\":{\"@type\":\"EntryPoint\",\"urlTemplate\":\"https:\\\/\\\/primeaero.at\\\/?s={search_term_string}\"},\"query-input\":{\"@type\":\"PropertyValueSpecification\",\"valueRequired\":true,\"valueName\":\"search_term_string\"}}],\"inLanguage\":\"de\"},{\"@type\":\"Organization\",\"@id\":\"https:\\\/\\\/primeaero.at\\\/#organization\",\"name\":\"TECHNIA (PRIME aerostructures)\",\"url\":\"https:\\\/\\\/primeaero.at\\\/\",\"logo\":{\"@type\":\"ImageObject\",\"inLanguage\":\"de\",\"@id\":\"https:\\\/\\\/primeaero.at\\\/#\\\/schema\\\/logo\\\/image\\\/\",\"url\":\"https:\\\/\\\/i0.wp.com\\\/primeaero.at\\\/wp-content\\\/uploads\\\/2025\\\/02\\\/cropped-Technia-logo-RGB-blue-pos-500space.png?fit=500%2C191&ssl=1\",\"contentUrl\":\"https:\\\/\\\/i0.wp.com\\\/primeaero.at\\\/wp-content\\\/uploads\\\/2025\\\/02\\\/cropped-Technia-logo-RGB-blue-pos-500space.png?fit=500%2C191&ssl=1\",\"width\":500,\"height\":191,\"caption\":\"TECHNIA (PRIME aerostructures)\"},\"image\":{\"@id\":\"https:\\\/\\\/primeaero.at\\\/#\\\/schema\\\/logo\\\/image\\\/\"}},{\"@type\":\"Person\",\"@id\":\"https:\\\/\\\/primeaero.at\\\/#\\\/schema\\\/person\\\/5133704b91820a1ef0008bb22d4722fc\",\"name\":\"primeaero\",\"image\":{\"@type\":\"ImageObject\",\"inLanguage\":\"de\",\"@id\":\"https:\\\/\\\/secure.gravatar.com\\\/avatar\\\/210b672f091248857ef0e3f91cda31fc41f1031de87272936ade0ee5975a46dc?s=96&d=identicon&r=g\",\"url\":\"https:\\\/\\\/secure.gravatar.com\\\/avatar\\\/210b672f091248857ef0e3f91cda31fc41f1031de87272936ade0ee5975a46dc?s=96&d=identicon&r=g\",\"contentUrl\":\"https:\\\/\\\/secure.gravatar.com\\\/avatar\\\/210b672f091248857ef0e3f91cda31fc41f1031de87272936ade0ee5975a46dc?s=96&d=identicon&r=g\",\"caption\":\"primeaero\"},\"sameAs\":[\"https:\\\/\\\/primeaero.wpcomstaging.com\\\/\"],\"url\":\"https:\\\/\\\/primeaero.at\\\/de\\\/author\\\/primeaero\\\/\"}]}<\/script>\n<!-- \/ Yoast SEO plugin. -->","yoast_head_json":{"title":"PRIME bei den International Mobility Days - TECHNIA (PRIME aerostructures)","robots":{"index":"index","follow":"follow","max-snippet":"max-snippet:-1","max-image-preview":"max-image-preview:large","max-video-preview":"max-video-preview:-1"},"canonical":"https:\/\/primeaero.at\/prime-at-the-international-mobility-days\/","og_locale":"de_DE","og_type":"article","og_title":"PRIME bei den International Mobility Days - TECHNIA (PRIME aerostructures)","og_description":"Unser Team hat k\u00fcrzlich bei den International Mobility Days in Wien das st\u00e4ndig ...","og_url":"https:\/\/primeaero.at\/prime-at-the-international-mobility-days\/","og_site_name":"TECHNIA (PRIME aerostructures)","article_published_time":"2023-11-28T12:29:37+00:00","article_modified_time":"2023-11-28T12:30:48+00:00","og_image":[{"width":768,"height":1024,"url":"https:\/\/primeaero.at\/wp-content\/uploads\/2023\/11\/Edited-768x1024.png","type":"image\/png"}],"author":"primeaero","twitter_card":"summary_large_image","twitter_misc":{"Verfasst von":"primeaero","Gesch\u00e4tzte Lesezeit":"1\u00a0Minute"},"schema":{"@context":"https:\/\/schema.org","@graph":[{"@type":"Article","@id":"https:\/\/primeaero.at\/prime-at-the-international-mobility-days\/#article","isPartOf":{"@id":"https:\/\/primeaero.at\/prime-at-the-international-mobility-days\/"},"author":{"name":"primeaero","@id":"https:\/\/primeaero.at\/#\/schema\/person\/5133704b91820a1ef0008bb22d4722fc"},"headline":"PRIME bei den International Mobility Days","datePublished":"2023-11-28T12:29:37+00:00","dateModified":"2023-11-28T12:30:48+00:00","mainEntityOfPage":{"@id":"https:\/\/primeaero.at\/prime-at-the-international-mobility-days\/"},"wordCount":197,"publisher":{"@id":"https:\/\/primeaero.at\/#organization"},"image":{"@id":"https:\/\/primeaero.at\/prime-at-the-international-mobility-days\/#primaryimage"},"thumbnailUrl":"https:\/\/i0.wp.com\/primeaero.at\/wp-content\/uploads\/2023\/11\/Edited.png?fit=1512%2C2016&ssl=1","articleSection":["Nicht kategorisiert","Unkategorisiert"],"inLanguage":"de"},{"@type":"WebPage","@id":"https:\/\/primeaero.at\/prime-at-the-international-mobility-days\/","url":"https:\/\/primeaero.at\/prime-at-the-international-mobility-days\/","name":"PRIME bei den International Mobility Days - TECHNIA (PRIME aerostructures)","isPartOf":{"@id":"https:\/\/primeaero.at\/#website"},"primaryImageOfPage":{"@id":"https:\/\/primeaero.at\/prime-at-the-international-mobility-days\/#primaryimage"},"image":{"@id":"https:\/\/primeaero.at\/prime-at-the-international-mobility-days\/#primaryimage"},"thumbnailUrl":"https:\/\/i0.wp.com\/primeaero.at\/wp-content\/uploads\/2023\/11\/Edited.png?fit=1512%2C2016&ssl=1","datePublished":"2023-11-28T12:29:37+00:00","dateModified":"2023-11-28T12:30:48+00:00","breadcrumb":{"@id":"https:\/\/primeaero.at\/prime-at-the-international-mobility-days\/#breadcrumb"},"inLanguage":"de","potentialAction":[{"@type":"ReadAction","target":["https:\/\/primeaero.at\/prime-at-the-international-mobility-days\/"]}]},{"@type":"ImageObject","inLanguage":"de","@id":"https:\/\/primeaero.at\/prime-at-the-international-mobility-days\/#primaryimage","url":"https:\/\/i0.wp.com\/primeaero.at\/wp-content\/uploads\/2023\/11\/Edited.png?fit=1512%2C2016&ssl=1","contentUrl":"https:\/\/i0.wp.com\/primeaero.at\/wp-content\/uploads\/2023\/11\/Edited.png?fit=1512%2C2016&ssl=1","width":1512,"height":2016,"caption":"International Mobility Days"},{"@type":"BreadcrumbList","@id":"https:\/\/primeaero.at\/prime-at-the-international-mobility-days\/#breadcrumb","itemListElement":[{"@type":"ListItem","position":1,"name":"Home","item":"https:\/\/primeaero.at\/"},{"@type":"ListItem","position":2,"name":"PRIME bei den International Mobility Days"}]},{"@type":"WebSite","@id":"https:\/\/primeaero.at\/#website","url":"https:\/\/primeaero.at\/","name":"TECHNIA (PRIME aerostructures)","description":"Engineering Ideas","publisher":{"@id":"https:\/\/primeaero.at\/#organization"},"potentialAction":[{"@type":"SearchAction","target":{"@type":"EntryPoint","urlTemplate":"https:\/\/primeaero.at\/?s={search_term_string}"},"query-input":{"@type":"PropertyValueSpecification","valueRequired":true,"valueName":"search_term_string"}}],"inLanguage":"de"},{"@type":"Organization","@id":"https:\/\/primeaero.at\/#organization","name":"TECHNIA (PRIME aerostructures)","url":"https:\/\/primeaero.at\/","logo":{"@type":"ImageObject","inLanguage":"de","@id":"https:\/\/primeaero.at\/#\/schema\/logo\/image\/","url":"https:\/\/i0.wp.com\/primeaero.at\/wp-content\/uploads\/2025\/02\/cropped-Technia-logo-RGB-blue-pos-500space.png?fit=500%2C191&ssl=1","contentUrl":"https:\/\/i0.wp.com\/primeaero.at\/wp-content\/uploads\/2025\/02\/cropped-Technia-logo-RGB-blue-pos-500space.png?fit=500%2C191&ssl=1","width":500,"height":191,"caption":"TECHNIA (PRIME aerostructures)"},"image":{"@id":"https:\/\/primeaero.at\/#\/schema\/logo\/image\/"}},{"@type":"Person","@id":"https:\/\/primeaero.at\/#\/schema\/person\/5133704b91820a1ef0008bb22d4722fc","name":"primeaero","image":{"@type":"ImageObject","inLanguage":"de","@id":"https:\/\/secure.gravatar.com\/avatar\/210b672f091248857ef0e3f91cda31fc41f1031de87272936ade0ee5975a46dc?s=96&d=identicon&r=g","url":"https:\/\/secure.gravatar.com\/avatar\/210b672f091248857ef0e3f91cda31fc41f1031de87272936ade0ee5975a46dc?s=96&d=identicon&r=g","contentUrl":"https:\/\/secure.gravatar.com\/avatar\/210b672f091248857ef0e3f91cda31fc41f1031de87272936ade0ee5975a46dc?s=96&d=identicon&r=g","caption":"primeaero"},"sameAs":["https:\/\/primeaero.wpcomstaging.com\/"],"url":"https:\/\/primeaero.at\/de\/author\/primeaero\/"}]}},"jetpack_publicize_connections":[],"jetpack_featured_media_url":"https:\/\/i0.wp.com\/primeaero.at\/wp-content\/uploads\/2023\/11\/Edited.png?fit=1512%2C2016&ssl=1","jetpack_likes_enabled":false,"jetpack_sharing_enabled":true,"jetpack_shortlink":"https:\/\/wp.me\/pbYMx3-1dY","amp_enabled":true,"_links":{"self":[{"href":"https:\/\/primeaero.at\/de\/wp-json\/wp\/v2\/posts\/4710","targetHints":{"allow":["GET"]}}],"collection":[{"href":"https:\/\/primeaero.at\/de\/wp-json\/wp\/v2\/posts"}],"about":[{"href":"https:\/\/primeaero.at\/de\/wp-json\/wp\/v2\/types\/post"}],"author":[{"embeddable":true,"href":"https:\/\/primeaero.at\/de\/wp-json\/wp\/v2\/users\/185605373"}],"replies":[{"embeddable":true,"href":"https:\/\/primeaero.at\/de\/wp-json\/wp\/v2\/comments?post=4710"}],"version-history":[{"count":5,"href":"https:\/\/primeaero.at\/de\/wp-json\/wp\/v2\/posts\/4710\/revisions"}],"predecessor-version":[{"id":4719,"href":"https:\/\/primeaero.at\/de\/wp-json\/wp\/v2\/posts\/4710\/revisions\/4719"}],"wp:featuredmedia":[{"embeddable":true,"href":"https:\/\/primeaero.at\/de\/wp-json\/wp\/v2\/media\/4702"}],"wp:attachment":[{"href":"https:\/\/primeaero.at\/de\/wp-json\/wp\/v2\/media?parent=4710"}],"wp:term":[{"taxonomy":"category","embeddable":true,"href":"https:\/\/primeaero.at\/de\/wp-json\/wp\/v2\/categories?post=4710"},{"taxonomy":"post_tag","embeddable":true,"href":"https:\/\/primeaero.at\/de\/wp-json\/wp\/v2\/tags?post=4710"}],"curies":[{"name":"wp","href":"https:\/\/api.w.org\/{rel}","templated":true}]}}