{"id":4389,"date":"2023-06-30T11:57:22","date_gmt":"2023-06-30T09:57:22","guid":{"rendered":"https:\/\/primeaero.at\/?p=4389"},"modified":"2023-06-30T12:06:04","modified_gmt":"2023-06-30T10:06:04","slug":"paris-air-show-2023","status":"publish","type":"post","link":"https:\/\/primeaero.at\/de\/paris-air-show-2023\/","title":{"rendered":"PRIME bei der Paris Air Show 2023"},"content":{"rendered":"\n<div class=\"wp-block-group is-content-justification-space-between is-nowrap is-layout-flex wp-container-core-group-is-layout-b0ffac9c wp-block-group-is-layout-flex\">\n<p class=\"has-small-font-size wp-block-paragraph\">Luft- und Raumfahrt<\/p>\n\n\n\n<p class=\"has-text-align-left has-small-font-size wp-block-paragraph\">Paris, Frankreich<\/p>\n<\/div>\n\n\n\n<hr class=\"wp-block-coblocks-dynamic-separator is-style-fullwidth\" style=\"height:20px\"\/>\n\n\n\n<figure class=\"wp-block-image size-large\"><img data-recalc-dims=\"1\" loading=\"lazy\" decoding=\"async\" width=\"720\" height=\"540\" src=\"https:\/\/i0.wp.com\/primeaero.at\/wp-content\/uploads\/2023\/06\/20230620_130431.jpg?resize=720%2C540&#038;ssl=1\" alt=\"Airbus A380 at the Paris Air Show 2023\" class=\"wp-image-4368\" srcset=\"https:\/\/i0.wp.com\/primeaero.at\/wp-content\/uploads\/2023\/06\/20230620_130431.jpg?resize=1024%2C768&amp;ssl=1 1024w, https:\/\/i0.wp.com\/primeaero.at\/wp-content\/uploads\/2023\/06\/20230620_130431.jpg?resize=300%2C225&amp;ssl=1 300w, https:\/\/i0.wp.com\/primeaero.at\/wp-content\/uploads\/2023\/06\/20230620_130431.jpg?resize=768%2C576&amp;ssl=1 768w, https:\/\/i0.wp.com\/primeaero.at\/wp-content\/uploads\/2023\/06\/20230620_130431.jpg?resize=1536%2C1152&amp;ssl=1 1536w, https:\/\/i0.wp.com\/primeaero.at\/wp-content\/uploads\/2023\/06\/20230620_130431.jpg?resize=2048%2C1536&amp;ssl=1 2048w, https:\/\/i0.wp.com\/primeaero.at\/wp-content\/uploads\/2023\/06\/20230620_130431.jpg?resize=1200%2C900&amp;ssl=1 1200w, https:\/\/i0.wp.com\/primeaero.at\/wp-content\/uploads\/2023\/06\/20230620_130431.jpg?resize=800%2C600&amp;ssl=1 800w, https:\/\/i0.wp.com\/primeaero.at\/wp-content\/uploads\/2023\/06\/20230620_130431.jpg?resize=400%2C300&amp;ssl=1 400w, https:\/\/i0.wp.com\/primeaero.at\/wp-content\/uploads\/2023\/06\/20230620_130431.jpg?resize=200%2C150&amp;ssl=1 200w, https:\/\/i0.wp.com\/primeaero.at\/wp-content\/uploads\/2023\/06\/20230620_130431.jpg?resize=80%2C60&amp;ssl=1 80w, https:\/\/i0.wp.com\/primeaero.at\/wp-content\/uploads\/2023\/06\/20230620_130431.jpg?w=1440&amp;ssl=1 1440w, https:\/\/i0.wp.com\/primeaero.at\/wp-content\/uploads\/2023\/06\/20230620_130431.jpg?w=2160&amp;ssl=1 2160w\" sizes=\"auto, (max-width: 720px) 100vw, 720px\" \/><\/figure>\n\n\n\n<h4 class=\"wp-block-heading\">Das PRIME-Team besucht die Paris Air Show 2023<\/h4>\n\n\n\n<p class=\"wp-block-paragraph\">Die <a href=\"https:\/\/www.siae.fr\/en\/\">Paris Air Show<\/a> ist eine der weltweit bekanntesten Luft- und Raumfahrtausstellungen. Die siebent\u00e4gige Veranstaltung zieht j\u00e4hrlich rund 300.000 Besucher an. Die Besucher haben die M\u00f6glichkeit, eine wachsende Zahl von Ausstellungen, insgesamt etwa 2.500, aus \u00fcber 40 L\u00e4ndern zu sehen. Die Messe bietet eine einzigartige Plattform, um die neuesten Innovationen, Technologien und Produkte der Luft- und Raumfahrtindustrie vorzustellen und zu entdecken. Neben fesselnden Flugvorf\u00fchrungen und Pr\u00e4sentationen bietet die Veranstaltung den Besuchern die M\u00f6glichkeit, sich mit Experten und Fachleuten aus der Branche auszutauschen und neue Gesch\u00e4ftsm\u00f6glichkeiten zu erkunden.<\/p>\n\n\n\n<p class=\"wp-block-paragraph\">Das PRIME-Team nutzte die Gelegenheit, sich mit Fachleuten aus der Branche auszutauschen, an aufschlussreichen Diskussionen teilzunehmen und sich aus erster Hand \u00fcber die neuesten Innovationen zu informieren, die die Zukunft der Luft- und Raumfahrt gestalten.<\/p>\n\n\n\n<div class=\"wp-block-jetpack-tiled-gallery aligncenter is-style-rectangular has-rounded-corners-20\"><div class=\"tiled-gallery__gallery\"><div class=\"tiled-gallery__row\"><div class=\"tiled-gallery__col\" style=\"flex-basis:39.08694%\"><figure class=\"tiled-gallery__item\"><img decoding=\"async\" role=\"button\" tabindex=\"0\" aria-label=\"Bild\u00a01 von 7 im Vollbildmodus \u00f6ffnen\"srcset=\"https:\/\/i0.wp.com\/primeaero.at\/wp-content\/uploads\/2023\/06\/20230619_153354-1024x768.jpg?strip=info&#038;w=600&#038;ssl=1 600w,https:\/\/i0.wp.com\/primeaero.at\/wp-content\/uploads\/2023\/06\/20230619_153354-1024x768.jpg?strip=info&#038;w=900&#038;ssl=1 900w,https:\/\/i0.wp.com\/primeaero.at\/wp-content\/uploads\/2023\/06\/20230619_153354-1024x768.jpg?strip=info&#038;w=1200&#038;ssl=1 1200w,https:\/\/i0.wp.com\/primeaero.at\/wp-content\/uploads\/2023\/06\/20230619_153354-1024x768.jpg?strip=info&#038;w=1500&#038;ssl=1 1500w,https:\/\/i0.wp.com\/primeaero.at\/wp-content\/uploads\/2023\/06\/20230619_153354-1024x768.jpg?strip=info&#038;w=1800&#038;ssl=1 1800w,https:\/\/i0.wp.com\/primeaero.at\/wp-content\/uploads\/2023\/06\/20230619_153354-1024x768.jpg?strip=info&#038;w=2000&#038;ssl=1 2000w\" alt=\"\" data-height=\"3000\" data-id=\"4370\" data-link=\"https:\/\/primeaero.at\/?attachment_id=4370\" data-url=\"https:\/\/primeaero.at\/wp-content\/uploads\/2023\/06\/20230619_153354-1024x768.jpg\" data-width=\"4000\" src=\"https:\/\/i0.wp.com\/primeaero.at\/wp-content\/uploads\/2023\/06\/20230619_153354-1024x768.jpg?ssl=1\" data-amp-layout=\"responsive\"\/><\/figure><\/div><div class=\"tiled-gallery__col\" style=\"flex-basis:21.82613%\"><figure class=\"tiled-gallery__item\"><img decoding=\"async\" role=\"button\" tabindex=\"0\" aria-label=\"Bild\u00a02 von 7 im Vollbildmodus \u00f6ffnen\"srcset=\"https:\/\/i2.wp.com\/primeaero.at\/wp-content\/uploads\/2023\/06\/20230620_101830-760x1024.jpg?strip=info&#038;w=600&#038;ssl=1 600w,https:\/\/i2.wp.com\/primeaero.at\/wp-content\/uploads\/2023\/06\/20230620_101830-760x1024.jpg?strip=info&#038;w=900&#038;ssl=1 900w,https:\/\/i2.wp.com\/primeaero.at\/wp-content\/uploads\/2023\/06\/20230620_101830-760x1024.jpg?strip=info&#038;w=1200&#038;ssl=1 1200w,https:\/\/i2.wp.com\/primeaero.at\/wp-content\/uploads\/2023\/06\/20230620_101830-760x1024.jpg?strip=info&#038;w=1500&#038;ssl=1 1500w,https:\/\/i2.wp.com\/primeaero.at\/wp-content\/uploads\/2023\/06\/20230620_101830-760x1024.jpg?strip=info&#038;w=1800&#038;ssl=1 1800w,https:\/\/i2.wp.com\/primeaero.at\/wp-content\/uploads\/2023\/06\/20230620_101830-760x1024.jpg?strip=info&#038;w=2000&#038;ssl=1 2000w\" alt=\"\" data-height=\"3840\" data-id=\"4372\" data-link=\"https:\/\/primeaero.at\/?attachment_id=4372\" data-url=\"https:\/\/primeaero.at\/wp-content\/uploads\/2023\/06\/20230620_101830-760x1024.jpg\" data-width=\"2851\" src=\"https:\/\/i2.wp.com\/primeaero.at\/wp-content\/uploads\/2023\/06\/20230620_101830-760x1024.jpg?ssl=1\" data-amp-layout=\"responsive\"\/><\/figure><\/div><div class=\"tiled-gallery__col\" style=\"flex-basis:39.08694%\"><figure class=\"tiled-gallery__item\"><img decoding=\"async\" role=\"button\" tabindex=\"0\" aria-label=\"Bild\u00a03 von 7 im Vollbildmodus \u00f6ffnen\"srcset=\"https:\/\/i1.wp.com\/primeaero.at\/wp-content\/uploads\/2023\/06\/20230620_104205-1024x768.jpg?strip=info&#038;w=600&#038;ssl=1 600w,https:\/\/i1.wp.com\/primeaero.at\/wp-content\/uploads\/2023\/06\/20230620_104205-1024x768.jpg?strip=info&#038;w=900&#038;ssl=1 900w,https:\/\/i1.wp.com\/primeaero.at\/wp-content\/uploads\/2023\/06\/20230620_104205-1024x768.jpg?strip=info&#038;w=1200&#038;ssl=1 1200w,https:\/\/i1.wp.com\/primeaero.at\/wp-content\/uploads\/2023\/06\/20230620_104205-1024x768.jpg?strip=info&#038;w=1500&#038;ssl=1 1500w,https:\/\/i1.wp.com\/primeaero.at\/wp-content\/uploads\/2023\/06\/20230620_104205-1024x768.jpg?strip=info&#038;w=1800&#038;ssl=1 1800w,https:\/\/i1.wp.com\/primeaero.at\/wp-content\/uploads\/2023\/06\/20230620_104205-1024x768.jpg?strip=info&#038;w=2000&#038;ssl=1 2000w\" alt=\"\" data-height=\"3000\" data-id=\"4374\" data-link=\"https:\/\/primeaero.at\/?attachment_id=4374\" data-url=\"https:\/\/primeaero.at\/wp-content\/uploads\/2023\/06\/20230620_104205-1024x768.jpg\" data-width=\"4000\" src=\"https:\/\/i1.wp.com\/primeaero.at\/wp-content\/uploads\/2023\/06\/20230620_104205-1024x768.jpg?ssl=1\" data-amp-layout=\"responsive\"\/><\/figure><\/div><\/div><div class=\"tiled-gallery__row\"><div class=\"tiled-gallery__col\" style=\"flex-basis:35.53490%\"><figure class=\"tiled-gallery__item\"><img decoding=\"async\" role=\"button\" tabindex=\"0\" aria-label=\"Bild\u00a04 von 7 im Vollbildmodus \u00f6ffnen\"srcset=\"https:\/\/i1.wp.com\/primeaero.at\/wp-content\/uploads\/2023\/06\/20230620_104807-1024x654.jpg?strip=info&#038;w=600&#038;ssl=1 600w,https:\/\/i1.wp.com\/primeaero.at\/wp-content\/uploads\/2023\/06\/20230620_104807-1024x654.jpg?strip=info&#038;w=900&#038;ssl=1 900w,https:\/\/i1.wp.com\/primeaero.at\/wp-content\/uploads\/2023\/06\/20230620_104807-1024x654.jpg?strip=info&#038;w=1200&#038;ssl=1 1200w,https:\/\/i1.wp.com\/primeaero.at\/wp-content\/uploads\/2023\/06\/20230620_104807-1024x654.jpg?strip=info&#038;w=1500&#038;ssl=1 1500w,https:\/\/i1.wp.com\/primeaero.at\/wp-content\/uploads\/2023\/06\/20230620_104807-1024x654.jpg?strip=info&#038;w=1800&#038;ssl=1 1800w,https:\/\/i1.wp.com\/primeaero.at\/wp-content\/uploads\/2023\/06\/20230620_104807-1024x654.jpg?strip=info&#038;w=2000&#038;ssl=1 2000w\" alt=\"\" data-height=\"2314\" data-id=\"4376\" data-link=\"https:\/\/primeaero.at\/?attachment_id=4376\" data-url=\"https:\/\/primeaero.at\/wp-content\/uploads\/2023\/06\/20230620_104807-1024x654.jpg\" data-width=\"3623\" src=\"https:\/\/i1.wp.com\/primeaero.at\/wp-content\/uploads\/2023\/06\/20230620_104807-1024x654.jpg?ssl=1\" data-amp-layout=\"responsive\"\/><\/figure><\/div><div class=\"tiled-gallery__col\" style=\"flex-basis:17.09190%\"><figure class=\"tiled-gallery__item\"><img decoding=\"async\" role=\"button\" tabindex=\"0\" aria-label=\"Bild\u00a05 von 7 im Vollbildmodus \u00f6ffnen\"srcset=\"https:\/\/i1.wp.com\/primeaero.at\/wp-content\/uploads\/2023\/06\/20230620_121247-768x1024.jpg?strip=info&#038;w=600&#038;ssl=1 600w,https:\/\/i1.wp.com\/primeaero.at\/wp-content\/uploads\/2023\/06\/20230620_121247-768x1024.jpg?strip=info&#038;w=900&#038;ssl=1 900w,https:\/\/i1.wp.com\/primeaero.at\/wp-content\/uploads\/2023\/06\/20230620_121247-768x1024.jpg?strip=info&#038;w=1200&#038;ssl=1 1200w,https:\/\/i1.wp.com\/primeaero.at\/wp-content\/uploads\/2023\/06\/20230620_121247-768x1024.jpg?strip=info&#038;w=1500&#038;ssl=1 1500w,https:\/\/i1.wp.com\/primeaero.at\/wp-content\/uploads\/2023\/06\/20230620_121247-768x1024.jpg?strip=info&#038;w=1800&#038;ssl=1 1800w,https:\/\/i1.wp.com\/primeaero.at\/wp-content\/uploads\/2023\/06\/20230620_121247-768x1024.jpg?strip=info&#038;w=2000&#038;ssl=1 2000w\" alt=\"\" data-height=\"3648\" data-id=\"4378\" data-link=\"https:\/\/primeaero.at\/?attachment_id=4378\" data-url=\"https:\/\/primeaero.at\/wp-content\/uploads\/2023\/06\/20230620_121247-768x1024.jpg\" data-width=\"2736\" src=\"https:\/\/i1.wp.com\/primeaero.at\/wp-content\/uploads\/2023\/06\/20230620_121247-768x1024.jpg?ssl=1\" data-amp-layout=\"responsive\"\/><\/figure><\/div><div class=\"tiled-gallery__col\" style=\"flex-basis:17.09190%\"><figure class=\"tiled-gallery__item\"><img decoding=\"async\" role=\"button\" tabindex=\"0\" aria-label=\"Bild\u00a06 von 7 im Vollbildmodus \u00f6ffnen\"srcset=\"https:\/\/i1.wp.com\/primeaero.at\/wp-content\/uploads\/2023\/06\/20230620_124914-768x1024.jpg?strip=info&#038;w=600&#038;ssl=1 600w,https:\/\/i1.wp.com\/primeaero.at\/wp-content\/uploads\/2023\/06\/20230620_124914-768x1024.jpg?strip=info&#038;w=900&#038;ssl=1 900w,https:\/\/i1.wp.com\/primeaero.at\/wp-content\/uploads\/2023\/06\/20230620_124914-768x1024.jpg?strip=info&#038;w=1200&#038;ssl=1 1200w,https:\/\/i1.wp.com\/primeaero.at\/wp-content\/uploads\/2023\/06\/20230620_124914-768x1024.jpg?strip=info&#038;w=1500&#038;ssl=1 1500w,https:\/\/i1.wp.com\/primeaero.at\/wp-content\/uploads\/2023\/06\/20230620_124914-768x1024.jpg?strip=info&#038;w=1800&#038;ssl=1 1800w,https:\/\/i1.wp.com\/primeaero.at\/wp-content\/uploads\/2023\/06\/20230620_124914-768x1024.jpg?strip=info&#038;w=2000&#038;ssl=1 2000w\" alt=\"\" data-height=\"4000\" data-id=\"4380\" data-link=\"https:\/\/primeaero.at\/?attachment_id=4380\" data-url=\"https:\/\/primeaero.at\/wp-content\/uploads\/2023\/06\/20230620_124914-768x1024.jpg\" data-width=\"3000\" src=\"https:\/\/i1.wp.com\/primeaero.at\/wp-content\/uploads\/2023\/06\/20230620_124914-768x1024.jpg?ssl=1\" data-amp-layout=\"responsive\"\/><\/figure><\/div><div class=\"tiled-gallery__col\" style=\"flex-basis:30.28129%\"><figure class=\"tiled-gallery__item\"><img decoding=\"async\" role=\"button\" tabindex=\"0\" aria-label=\"Bild\u00a07 von 7 im Vollbildmodus \u00f6ffnen\"srcset=\"https:\/\/i0.wp.com\/primeaero.at\/wp-content\/uploads\/2023\/06\/20230620_131932-1024x768.jpg?strip=info&#038;w=600&#038;ssl=1 600w,https:\/\/i0.wp.com\/primeaero.at\/wp-content\/uploads\/2023\/06\/20230620_131932-1024x768.jpg?strip=info&#038;w=900&#038;ssl=1 900w,https:\/\/i0.wp.com\/primeaero.at\/wp-content\/uploads\/2023\/06\/20230620_131932-1024x768.jpg?strip=info&#038;w=1200&#038;ssl=1 1200w,https:\/\/i0.wp.com\/primeaero.at\/wp-content\/uploads\/2023\/06\/20230620_131932-1024x768.jpg?strip=info&#038;w=1500&#038;ssl=1 1500w,https:\/\/i0.wp.com\/primeaero.at\/wp-content\/uploads\/2023\/06\/20230620_131932-1024x768.jpg?strip=info&#038;w=1800&#038;ssl=1 1800w,https:\/\/i0.wp.com\/primeaero.at\/wp-content\/uploads\/2023\/06\/20230620_131932-1024x768.jpg?strip=info&#038;w=2000&#038;ssl=1 2000w\" alt=\"\" data-height=\"3000\" data-id=\"4382\" data-link=\"https:\/\/primeaero.at\/?attachment_id=4382\" data-url=\"https:\/\/primeaero.at\/wp-content\/uploads\/2023\/06\/20230620_131932-1024x768.jpg\" data-width=\"4000\" src=\"https:\/\/i0.wp.com\/primeaero.at\/wp-content\/uploads\/2023\/06\/20230620_131932-1024x768.jpg?ssl=1\" data-amp-layout=\"responsive\"\/><\/figure><\/div><\/div><\/div><\/div>\n","protected":false},"excerpt":{"rendered":"<p>Die Paris Air Show ist eine der weltweit bekanntesten Luft- und Raumfahrtausstellungen &#8230; <a href=\"https:\/\/primeaero.at\/de\/paris-air-show-2023\/\" class=\"more-link\"><span class=\"screen-reader-text\">PRIME bei der Paris Air Show 2023<\/span> weiterlesen<\/a><\/p>\n","protected":false},"author":185605373,"featured_media":4369,"comment_status":"closed","ping_status":"open","sticky":false,"template":"","format":"image","meta":{"_coblocks_attr":"","_coblocks_dimensions":"","_coblocks_responsive_height":"","_coblocks_accordion_ie_support":"","_crdt_document":"","_jetpack_newsletter_access":"","_jetpack_dont_email_post_to_subs":false,"_jetpack_newsletter_tier_id":0,"_jetpack_memberships_contains_paywalled_content":false,"_jetpack_memberships_contains_paid_content":false,"footnotes":"","jetpack_publicize_message":"","jetpack_publicize_feature_enabled":true,"jetpack_social_post_already_shared":false,"jetpack_social_options":{"image_generator_settings":{"template":"highway","default_image_id":0,"font":"","enabled":false},"version":2},"_wpas_customize_per_network":false,"jetpack_post_was_ever_published":false},"categories":[2930],"tags":[],"class_list":{"0":"post-4389","1":"post","2":"type-post","3":"status-publish","4":"format-image","5":"has-post-thumbnail","6":"hentry","7":"category-nicht-kategorisiert-en-de","8":"post_format-post-format-image","10":"fallback-thumbnail"},"yoast_head":"<!-- This site is optimized with the Yoast SEO plugin v27.5 - https:\/\/yoast.com\/product\/yoast-seo-wordpress\/ -->\n<title>PRIME bei der Paris Air Show 2023 - TECHNIA (PRIME aerostructures)<\/title>\n<meta name=\"description\" content=\"The Paris Air Show is one of the most significant aerospace exhibitions in the world where The PRIME team seized the opportunity to connect\" \/>\n<meta name=\"robots\" content=\"index, follow, max-snippet:-1, max-image-preview:large, max-video-preview:-1\" \/>\n<link rel=\"canonical\" href=\"https:\/\/primeaero.at\/de\/paris-air-show-2023\/\" \/>\n<meta property=\"og:locale\" content=\"de_DE\" \/>\n<meta property=\"og:type\" content=\"article\" \/>\n<meta property=\"og:title\" content=\"PRIME bei der Paris Air Show 2023 - TECHNIA (PRIME aerostructures)\" \/>\n<meta property=\"og:description\" content=\"The Paris Air Show is one of the most significant aerospace exhibitions in the world where The PRIME team seized the opportunity to connect\" \/>\n<meta property=\"og:url\" content=\"https:\/\/primeaero.at\/de\/paris-air-show-2023\/\" \/>\n<meta property=\"og:site_name\" content=\"TECHNIA (PRIME aerostructures)\" \/>\n<meta property=\"article:published_time\" content=\"2023-06-30T09:57:22+00:00\" \/>\n<meta property=\"article:modified_time\" content=\"2023-06-30T10:06:04+00:00\" \/>\n<meta property=\"og:image\" content=\"https:\/\/i0.wp.com\/primeaero.at\/wp-content\/uploads\/2023\/06\/20230620_130431.jpg?fit=4000%2C3000&ssl=1\" \/>\n\t<meta property=\"og:image:width\" content=\"4000\" \/>\n\t<meta property=\"og:image:height\" content=\"3000\" \/>\n\t<meta property=\"og:image:type\" content=\"image\/jpeg\" \/>\n<meta name=\"author\" content=\"primeaero\" \/>\n<meta name=\"twitter:card\" content=\"summary_large_image\" \/>\n<meta name=\"twitter:label1\" content=\"Verfasst von\" \/>\n\t<meta name=\"twitter:data1\" content=\"primeaero\" \/>\n\t<meta name=\"twitter:label2\" content=\"Gesch\u00e4tzte Lesezeit\" \/>\n\t<meta name=\"twitter:data2\" content=\"3\u00a0Minuten\" \/>\n<script type=\"application\/ld+json\" class=\"yoast-schema-graph\">{\"@context\":\"https:\\\/\\\/schema.org\",\"@graph\":[{\"@type\":\"Article\",\"@id\":\"https:\\\/\\\/primeaero.at\\\/de\\\/paris-air-show-2023\\\/#article\",\"isPartOf\":{\"@id\":\"https:\\\/\\\/primeaero.at\\\/de\\\/paris-air-show-2023\\\/\"},\"author\":{\"name\":\"primeaero\",\"@id\":\"https:\\\/\\\/primeaero.at\\\/#\\\/schema\\\/person\\\/5133704b91820a1ef0008bb22d4722fc\"},\"headline\":\"PRIME bei der Paris Air Show 2023\",\"datePublished\":\"2023-06-30T09:57:22+00:00\",\"dateModified\":\"2023-06-30T10:06:04+00:00\",\"mainEntityOfPage\":{\"@id\":\"https:\\\/\\\/primeaero.at\\\/de\\\/paris-air-show-2023\\\/\"},\"wordCount\":146,\"publisher\":{\"@id\":\"https:\\\/\\\/primeaero.at\\\/#organization\"},\"image\":{\"@id\":\"https:\\\/\\\/primeaero.at\\\/de\\\/paris-air-show-2023\\\/#primaryimage\"},\"thumbnailUrl\":\"https:\\\/\\\/i0.wp.com\\\/primeaero.at\\\/wp-content\\\/uploads\\\/2023\\\/06\\\/20230620_130431.jpg?fit=4000%2C3000&ssl=1\",\"articleSection\":[\"Nicht kategorisiert\"],\"inLanguage\":\"de\"},{\"@type\":\"WebPage\",\"@id\":\"https:\\\/\\\/primeaero.at\\\/de\\\/paris-air-show-2023\\\/\",\"url\":\"https:\\\/\\\/primeaero.at\\\/de\\\/paris-air-show-2023\\\/\",\"name\":\"PRIME bei der Paris Air Show 2023 - TECHNIA (PRIME aerostructures)\",\"isPartOf\":{\"@id\":\"https:\\\/\\\/primeaero.at\\\/#website\"},\"primaryImageOfPage\":{\"@id\":\"https:\\\/\\\/primeaero.at\\\/de\\\/paris-air-show-2023\\\/#primaryimage\"},\"image\":{\"@id\":\"https:\\\/\\\/primeaero.at\\\/de\\\/paris-air-show-2023\\\/#primaryimage\"},\"thumbnailUrl\":\"https:\\\/\\\/i0.wp.com\\\/primeaero.at\\\/wp-content\\\/uploads\\\/2023\\\/06\\\/20230620_130431.jpg?fit=4000%2C3000&ssl=1\",\"datePublished\":\"2023-06-30T09:57:22+00:00\",\"dateModified\":\"2023-06-30T10:06:04+00:00\",\"description\":\"The Paris Air Show is one of the most significant aerospace exhibitions in the world where The PRIME team seized the opportunity to connect\",\"breadcrumb\":{\"@id\":\"https:\\\/\\\/primeaero.at\\\/de\\\/paris-air-show-2023\\\/#breadcrumb\"},\"inLanguage\":\"de\",\"potentialAction\":[{\"@type\":\"ReadAction\",\"target\":[\"https:\\\/\\\/primeaero.at\\\/de\\\/paris-air-show-2023\\\/\"]}]},{\"@type\":\"ImageObject\",\"inLanguage\":\"de\",\"@id\":\"https:\\\/\\\/primeaero.at\\\/de\\\/paris-air-show-2023\\\/#primaryimage\",\"url\":\"https:\\\/\\\/i0.wp.com\\\/primeaero.at\\\/wp-content\\\/uploads\\\/2023\\\/06\\\/20230620_130431.jpg?fit=4000%2C3000&ssl=1\",\"contentUrl\":\"https:\\\/\\\/i0.wp.com\\\/primeaero.at\\\/wp-content\\\/uploads\\\/2023\\\/06\\\/20230620_130431.jpg?fit=4000%2C3000&ssl=1\",\"width\":4000,\"height\":3000},{\"@type\":\"BreadcrumbList\",\"@id\":\"https:\\\/\\\/primeaero.at\\\/de\\\/paris-air-show-2023\\\/#breadcrumb\",\"itemListElement\":[{\"@type\":\"ListItem\",\"position\":1,\"name\":\"Home\",\"item\":\"https:\\\/\\\/primeaero.at\\\/\"},{\"@type\":\"ListItem\",\"position\":2,\"name\":\"PRIME bei der Paris Air Show 2023\"}]},{\"@type\":\"WebSite\",\"@id\":\"https:\\\/\\\/primeaero.at\\\/#website\",\"url\":\"https:\\\/\\\/primeaero.at\\\/\",\"name\":\"TECHNIA (PRIME aerostructures)\",\"description\":\"Engineering Ideas\",\"publisher\":{\"@id\":\"https:\\\/\\\/primeaero.at\\\/#organization\"},\"potentialAction\":[{\"@type\":\"SearchAction\",\"target\":{\"@type\":\"EntryPoint\",\"urlTemplate\":\"https:\\\/\\\/primeaero.at\\\/?s={search_term_string}\"},\"query-input\":{\"@type\":\"PropertyValueSpecification\",\"valueRequired\":true,\"valueName\":\"search_term_string\"}}],\"inLanguage\":\"de\"},{\"@type\":\"Organization\",\"@id\":\"https:\\\/\\\/primeaero.at\\\/#organization\",\"name\":\"TECHNIA (PRIME aerostructures)\",\"url\":\"https:\\\/\\\/primeaero.at\\\/\",\"logo\":{\"@type\":\"ImageObject\",\"inLanguage\":\"de\",\"@id\":\"https:\\\/\\\/primeaero.at\\\/#\\\/schema\\\/logo\\\/image\\\/\",\"url\":\"https:\\\/\\\/i0.wp.com\\\/primeaero.at\\\/wp-content\\\/uploads\\\/2025\\\/02\\\/cropped-Technia-logo-RGB-blue-pos-500space.png?fit=500%2C191&ssl=1\",\"contentUrl\":\"https:\\\/\\\/i0.wp.com\\\/primeaero.at\\\/wp-content\\\/uploads\\\/2025\\\/02\\\/cropped-Technia-logo-RGB-blue-pos-500space.png?fit=500%2C191&ssl=1\",\"width\":500,\"height\":191,\"caption\":\"TECHNIA (PRIME aerostructures)\"},\"image\":{\"@id\":\"https:\\\/\\\/primeaero.at\\\/#\\\/schema\\\/logo\\\/image\\\/\"}},{\"@type\":\"Person\",\"@id\":\"https:\\\/\\\/primeaero.at\\\/#\\\/schema\\\/person\\\/5133704b91820a1ef0008bb22d4722fc\",\"name\":\"primeaero\",\"image\":{\"@type\":\"ImageObject\",\"inLanguage\":\"de\",\"@id\":\"https:\\\/\\\/secure.gravatar.com\\\/avatar\\\/210b672f091248857ef0e3f91cda31fc41f1031de87272936ade0ee5975a46dc?s=96&d=identicon&r=g\",\"url\":\"https:\\\/\\\/secure.gravatar.com\\\/avatar\\\/210b672f091248857ef0e3f91cda31fc41f1031de87272936ade0ee5975a46dc?s=96&d=identicon&r=g\",\"contentUrl\":\"https:\\\/\\\/secure.gravatar.com\\\/avatar\\\/210b672f091248857ef0e3f91cda31fc41f1031de87272936ade0ee5975a46dc?s=96&d=identicon&r=g\",\"caption\":\"primeaero\"},\"sameAs\":[\"https:\\\/\\\/primeaero.wpcomstaging.com\\\/\"],\"url\":\"https:\\\/\\\/primeaero.at\\\/de\\\/author\\\/primeaero\\\/\"}]}<\/script>\n<!-- \/ Yoast SEO plugin. -->","yoast_head_json":{"title":"PRIME bei der Paris Air Show 2023 - TECHNIA (PRIME aerostructures)","description":"The Paris Air Show is one of the most significant aerospace exhibitions in the world where The PRIME team seized the opportunity to connect","robots":{"index":"index","follow":"follow","max-snippet":"max-snippet:-1","max-image-preview":"max-image-preview:large","max-video-preview":"max-video-preview:-1"},"canonical":"https:\/\/primeaero.at\/de\/paris-air-show-2023\/","og_locale":"de_DE","og_type":"article","og_title":"PRIME bei der Paris Air Show 2023 - TECHNIA (PRIME aerostructures)","og_description":"The Paris Air Show is one of the most significant aerospace exhibitions in the world where The PRIME team seized the opportunity to connect","og_url":"https:\/\/primeaero.at\/de\/paris-air-show-2023\/","og_site_name":"TECHNIA (PRIME aerostructures)","article_published_time":"2023-06-30T09:57:22+00:00","article_modified_time":"2023-06-30T10:06:04+00:00","og_image":[{"width":4000,"height":3000,"url":"https:\/\/i0.wp.com\/primeaero.at\/wp-content\/uploads\/2023\/06\/20230620_130431.jpg?fit=4000%2C3000&ssl=1","type":"image\/jpeg"}],"author":"primeaero","twitter_card":"summary_large_image","twitter_misc":{"Verfasst von":"primeaero","Gesch\u00e4tzte Lesezeit":"3\u00a0Minuten"},"schema":{"@context":"https:\/\/schema.org","@graph":[{"@type":"Article","@id":"https:\/\/primeaero.at\/de\/paris-air-show-2023\/#article","isPartOf":{"@id":"https:\/\/primeaero.at\/de\/paris-air-show-2023\/"},"author":{"name":"primeaero","@id":"https:\/\/primeaero.at\/#\/schema\/person\/5133704b91820a1ef0008bb22d4722fc"},"headline":"PRIME bei der Paris Air Show 2023","datePublished":"2023-06-30T09:57:22+00:00","dateModified":"2023-06-30T10:06:04+00:00","mainEntityOfPage":{"@id":"https:\/\/primeaero.at\/de\/paris-air-show-2023\/"},"wordCount":146,"publisher":{"@id":"https:\/\/primeaero.at\/#organization"},"image":{"@id":"https:\/\/primeaero.at\/de\/paris-air-show-2023\/#primaryimage"},"thumbnailUrl":"https:\/\/i0.wp.com\/primeaero.at\/wp-content\/uploads\/2023\/06\/20230620_130431.jpg?fit=4000%2C3000&ssl=1","articleSection":["Nicht kategorisiert"],"inLanguage":"de"},{"@type":"WebPage","@id":"https:\/\/primeaero.at\/de\/paris-air-show-2023\/","url":"https:\/\/primeaero.at\/de\/paris-air-show-2023\/","name":"PRIME bei der Paris Air Show 2023 - TECHNIA (PRIME aerostructures)","isPartOf":{"@id":"https:\/\/primeaero.at\/#website"},"primaryImageOfPage":{"@id":"https:\/\/primeaero.at\/de\/paris-air-show-2023\/#primaryimage"},"image":{"@id":"https:\/\/primeaero.at\/de\/paris-air-show-2023\/#primaryimage"},"thumbnailUrl":"https:\/\/i0.wp.com\/primeaero.at\/wp-content\/uploads\/2023\/06\/20230620_130431.jpg?fit=4000%2C3000&ssl=1","datePublished":"2023-06-30T09:57:22+00:00","dateModified":"2023-06-30T10:06:04+00:00","description":"The Paris Air Show is one of the most significant aerospace exhibitions in the world where The PRIME team seized the opportunity to connect","breadcrumb":{"@id":"https:\/\/primeaero.at\/de\/paris-air-show-2023\/#breadcrumb"},"inLanguage":"de","potentialAction":[{"@type":"ReadAction","target":["https:\/\/primeaero.at\/de\/paris-air-show-2023\/"]}]},{"@type":"ImageObject","inLanguage":"de","@id":"https:\/\/primeaero.at\/de\/paris-air-show-2023\/#primaryimage","url":"https:\/\/i0.wp.com\/primeaero.at\/wp-content\/uploads\/2023\/06\/20230620_130431.jpg?fit=4000%2C3000&ssl=1","contentUrl":"https:\/\/i0.wp.com\/primeaero.at\/wp-content\/uploads\/2023\/06\/20230620_130431.jpg?fit=4000%2C3000&ssl=1","width":4000,"height":3000},{"@type":"BreadcrumbList","@id":"https:\/\/primeaero.at\/de\/paris-air-show-2023\/#breadcrumb","itemListElement":[{"@type":"ListItem","position":1,"name":"Home","item":"https:\/\/primeaero.at\/"},{"@type":"ListItem","position":2,"name":"PRIME bei der Paris Air Show 2023"}]},{"@type":"WebSite","@id":"https:\/\/primeaero.at\/#website","url":"https:\/\/primeaero.at\/","name":"TECHNIA (PRIME aerostructures)","description":"Engineering Ideas","publisher":{"@id":"https:\/\/primeaero.at\/#organization"},"potentialAction":[{"@type":"SearchAction","target":{"@type":"EntryPoint","urlTemplate":"https:\/\/primeaero.at\/?s={search_term_string}"},"query-input":{"@type":"PropertyValueSpecification","valueRequired":true,"valueName":"search_term_string"}}],"inLanguage":"de"},{"@type":"Organization","@id":"https:\/\/primeaero.at\/#organization","name":"TECHNIA (PRIME aerostructures)","url":"https:\/\/primeaero.at\/","logo":{"@type":"ImageObject","inLanguage":"de","@id":"https:\/\/primeaero.at\/#\/schema\/logo\/image\/","url":"https:\/\/i0.wp.com\/primeaero.at\/wp-content\/uploads\/2025\/02\/cropped-Technia-logo-RGB-blue-pos-500space.png?fit=500%2C191&ssl=1","contentUrl":"https:\/\/i0.wp.com\/primeaero.at\/wp-content\/uploads\/2025\/02\/cropped-Technia-logo-RGB-blue-pos-500space.png?fit=500%2C191&ssl=1","width":500,"height":191,"caption":"TECHNIA (PRIME aerostructures)"},"image":{"@id":"https:\/\/primeaero.at\/#\/schema\/logo\/image\/"}},{"@type":"Person","@id":"https:\/\/primeaero.at\/#\/schema\/person\/5133704b91820a1ef0008bb22d4722fc","name":"primeaero","image":{"@type":"ImageObject","inLanguage":"de","@id":"https:\/\/secure.gravatar.com\/avatar\/210b672f091248857ef0e3f91cda31fc41f1031de87272936ade0ee5975a46dc?s=96&d=identicon&r=g","url":"https:\/\/secure.gravatar.com\/avatar\/210b672f091248857ef0e3f91cda31fc41f1031de87272936ade0ee5975a46dc?s=96&d=identicon&r=g","contentUrl":"https:\/\/secure.gravatar.com\/avatar\/210b672f091248857ef0e3f91cda31fc41f1031de87272936ade0ee5975a46dc?s=96&d=identicon&r=g","caption":"primeaero"},"sameAs":["https:\/\/primeaero.wpcomstaging.com\/"],"url":"https:\/\/primeaero.at\/de\/author\/primeaero\/"}]}},"jetpack_publicize_connections":[],"jetpack_featured_media_url":"https:\/\/i0.wp.com\/primeaero.at\/wp-content\/uploads\/2023\/06\/20230620_130431.jpg?fit=4000%2C3000&ssl=1","jetpack_likes_enabled":false,"jetpack_sharing_enabled":true,"jetpack_shortlink":"https:\/\/wp.me\/pbYMx3-18N","amp_enabled":true,"_links":{"self":[{"href":"https:\/\/primeaero.at\/de\/wp-json\/wp\/v2\/posts\/4389","targetHints":{"allow":["GET"]}}],"collection":[{"href":"https:\/\/primeaero.at\/de\/wp-json\/wp\/v2\/posts"}],"about":[{"href":"https:\/\/primeaero.at\/de\/wp-json\/wp\/v2\/types\/post"}],"author":[{"embeddable":true,"href":"https:\/\/primeaero.at\/de\/wp-json\/wp\/v2\/users\/185605373"}],"replies":[{"embeddable":true,"href":"https:\/\/primeaero.at\/de\/wp-json\/wp\/v2\/comments?post=4389"}],"version-history":[{"count":6,"href":"https:\/\/primeaero.at\/de\/wp-json\/wp\/v2\/posts\/4389\/revisions"}],"predecessor-version":[{"id":4399,"href":"https:\/\/primeaero.at\/de\/wp-json\/wp\/v2\/posts\/4389\/revisions\/4399"}],"wp:featuredmedia":[{"embeddable":true,"href":"https:\/\/primeaero.at\/de\/wp-json\/wp\/v2\/media\/4369"}],"wp:attachment":[{"href":"https:\/\/primeaero.at\/de\/wp-json\/wp\/v2\/media?parent=4389"}],"wp:term":[{"taxonomy":"category","embeddable":true,"href":"https:\/\/primeaero.at\/de\/wp-json\/wp\/v2\/categories?post=4389"},{"taxonomy":"post_tag","embeddable":true,"href":"https:\/\/primeaero.at\/de\/wp-json\/wp\/v2\/tags?post=4389"}],"curies":[{"name":"wp","href":"https:\/\/api.w.org\/{rel}","templated":true}]}}